{"id":257,"date":"2019-05-02T14:26:50","date_gmt":"2019-05-02T12:26:50","guid":{"rendered":"http:\/\/demos.templateexpress.com\/sporty-pro\/?p=107"},"modified":"2019-05-16T20:13:54","modified_gmt":"2019-05-16T18:13:54","slug":"inaugural-season-set-for-launch","status":"publish","type":"post","link":"https:\/\/aflswitzerland.ch\/fr\/inaugural-season-set-for-launch\/","title":{"rendered":"La saison inaugurale est pr\u00eate \u00e0 \u00eatre lanc\u00e9e"},"content":{"rendered":"<figure class=\"wp-block-image\"><img loading=\"lazy\" decoding=\"async\" width=\"960\" height=\"960\" src=\"https:\/\/aflswitzerland.ch\/wp-content\/uploads\/2019\/05\/Inaugural-Season-Set-for-Launch.jpg\" alt=\"\" class=\"wp-image-405\" srcset=\"https:\/\/aflswitzerland.ch\/wp-content\/uploads\/2019\/05\/Inaugural-Season-Set-for-Launch.jpg 960w, https:\/\/aflswitzerland.ch\/wp-content\/uploads\/2019\/05\/Inaugural-Season-Set-for-Launch-150x150.jpg 150w, https:\/\/aflswitzerland.ch\/wp-content\/uploads\/2019\/05\/Inaugural-Season-Set-for-Launch-300x300.jpg 300w, https:\/\/aflswitzerland.ch\/wp-content\/uploads\/2019\/05\/Inaugural-Season-Set-for-Launch-768x768.jpg 768w, https:\/\/aflswitzerland.ch\/wp-content\/uploads\/2019\/05\/Inaugural-Season-Set-for-Launch-128x128.jpg 128w, https:\/\/aflswitzerland.ch\/wp-content\/uploads\/2019\/05\/Inaugural-Season-Set-for-Launch-32x32.jpg 32w, https:\/\/aflswitzerland.ch\/wp-content\/uploads\/2019\/05\/Inaugural-Season-Set-for-Launch-1x1.jpg 1w\" sizes=\"auto, (max-width: 960px) 100vw, 960px\" \/><\/figure>\n\n\n\n<p> Apr\u00e8s avoir pass\u00e9 du temps dans la nature, les lions de Winterthur ont enfin un concours national \u00e0 organiser. Les dragons de B\u00e2le et les jets de Gen\u00e8ve, r\u00e9cemment form\u00e9s, rejoignent les lions dans la nouvelle ligue AFL Suisse, qui d\u00e9bute le samedi 4 mai.<\/p>\n\n\n\n<p>Winterthur a l&#8217;honneur d&#8217;accueillir la premi\u00e8re manche qui aura lieu au stade Deutweg. La journ\u00e9e commencera \u00e0 13h00 avec un match entre les \u00e9quipes r\u00e9serves des ours du Nord (une \u00e9quip\u00e9 form\u00e9e des joueurs r\u00e9serves de Winterthur et de B\u00e2le) et des jets de Gen\u00e8ve.<\/p>\n\n\n\n<p>Les \u00e9quipes premi\u00e8res participeront \u00e0 un tournoi, disputant chacune deux matches de 40 minutes. La saison suivra ce format tout au long de l&#8217;ann\u00e9e. <a href=\"https:\/\/aflswitzerland.ch\/fixtures\/\">Voir le tirage complet<\/a> <\/p>","protected":false},"excerpt":{"rendered":"<p>Apr\u00e8s avoir pass\u00e9 du temps dans la nature, les lions de Winterthur ont enfin un concours national \u00e0 organiser. Les dragons de B\u00e2le et les jets de Gen\u00e8ve, r\u00e9cemment form\u00e9s, rejoignent les lions dans la nouvelle ligue AFL Suisse, qui d\u00e9bute le samedi 4 mai. Winterthur a l&#8217;honneur d&#8217;accueillir la premi\u00e8re manche qui aura lieu [&hellip;]<\/p>\n","protected":false},"author":1,"featured_media":0,"comment_status":"open","ping_status":"open","sticky":false,"template":"","format":"standard","meta":{"om_disable_all_campaigns":false,"_monsterinsights_skip_tracking":false,"_monsterinsights_sitenote_active":false,"_monsterinsights_sitenote_note":"","_monsterinsights_sitenote_category":0,"_jetpack_memberships_contains_paid_content":false,"footnotes":""},"categories":[30],"tags":[],"class_list":["post-257","post","type-post","status-publish","format-standard","hentry","category-featured"],"jetpack_featured_media_url":"","jetpack_sharing_enabled":true,"_links":{"self":[{"href":"https:\/\/aflswitzerland.ch\/fr\/wp-json\/wp\/v2\/posts\/257","targetHints":{"allow":["GET"]}}],"collection":[{"href":"https:\/\/aflswitzerland.ch\/fr\/wp-json\/wp\/v2\/posts"}],"about":[{"href":"https:\/\/aflswitzerland.ch\/fr\/wp-json\/wp\/v2\/types\/post"}],"author":[{"embeddable":true,"href":"https:\/\/aflswitzerland.ch\/fr\/wp-json\/wp\/v2\/users\/1"}],"replies":[{"embeddable":true,"href":"https:\/\/aflswitzerland.ch\/fr\/wp-json\/wp\/v2\/comments?post=257"}],"version-history":[{"count":6,"href":"https:\/\/aflswitzerland.ch\/fr\/wp-json\/wp\/v2\/posts\/257\/revisions"}],"predecessor-version":[{"id":616,"href":"https:\/\/aflswitzerland.ch\/fr\/wp-json\/wp\/v2\/posts\/257\/revisions\/616"}],"wp:attachment":[{"href":"https:\/\/aflswitzerland.ch\/fr\/wp-json\/wp\/v2\/media?parent=257"}],"wp:term":[{"taxonomy":"category","embeddable":true,"href":"https:\/\/aflswitzerland.ch\/fr\/wp-json\/wp\/v2\/categories?post=257"},{"taxonomy":"post_tag","embeddable":true,"href":"https:\/\/aflswitzerland.ch\/fr\/wp-json\/wp\/v2\/tags?post=257"}],"curies":[{"name":"wp","href":"https:\/\/api.w.org\/{rel}","templated":true}]}}